{"id":3012,"date":"2025-12-05T02:15:03","date_gmt":"2025-12-05T01:15:03","guid":{"rendered":"https:\/\/die-heimat-thueringen.de\/?p=3012"},"modified":"2025-12-05T02:15:03","modified_gmt":"2025-12-05T01:15:03","slug":"jn-szoevetsegi-kongresszus-2025","status":"publish","type":"post","link":"https:\/\/die-heimat-thueringen.de\/hu\/2025\/12\/05\/jn-szoevetsegi-kongresszus-2025\/","title":{"rendered":"JN: Sz\u00f6vets\u00e9gi Kongresszus 2025"},"content":{"rendered":"<div class=\"fusion-fullwidth fullwidth-box fusion-builder-row-1 fusion-flex-container has-pattern-background has-mask-background nonhundred-percent-fullwidth non-hundred-percent-height-scrolling gradient-container-1\" style=\"--awb-border-radius-top-left:0px;--awb-border-radius-top-right:0px;--awb-border-radius-bottom-right:0px;--awb-border-radius-bottom-left:0px;--awb-flex-wrap:wrap;\" ><div class=\"fusion-builder-row fusion-row fusion-flex-align-items-flex-start fusion-flex-content-wrap\" style=\"max-width:1404px;margin-left: calc(-4% \/ 2 );margin-right: calc(-4% \/ 2 );\"><div class=\"fusion-layout-column fusion_builder_column fusion-builder-column-0 fusion_builder_column_1_1 1_1 fusion-flex-column\" style=\"--awb-bg-size:cover;--awb-width-large:100%;--awb-margin-top-large:0px;--awb-spacing-right-large:1.92%;--awb-margin-bottom-large:20px;--awb-spacing-left-large:1.92%;--awb-width-medium:100%;--awb-order-medium:0;--awb-spacing-right-medium:1.92%;--awb-spacing-left-medium:1.92%;--awb-width-small:100%;--awb-order-small:0;--awb-spacing-right-small:1.92%;--awb-spacing-left-small:1.92%;\"><div class=\"fusion-column-wrapper fusion-column-has-shadow fusion-flex-justify-content-flex-start fusion-content-layout-column\"><div class=\"fusion-text fusion-text-1\"><p>A fiatal nacionalist\u00e1k (JN-Junge Nationalisten) Sz\u00e1szorsz\u00e1gban tal\u00e1lkoztak sz\u00f6vets\u00e9gi kongresszusukra.<br \/>\nSebastian Weiglert er\u0151s eredm\u00e9nnyel meger\u0151s\u00edtett\u00e9k sz\u00f6vets\u00e9gi vezet\u0151nek, \u00e9s Max-Joseph Matthie\u00df-t v\u00e1lasztott\u00e1k meg helyettes\u00e9nek. Micha M\u00fcller f\u0151titk\u00e1rral ifj\u00fas\u00e1gi mozgalmunk egy \u00fajabb alakja k\u00e9pviselteti mag\u00e1t. <\/p>\n<p>Az eln\u00f6ks\u00e9get ifj\u00fas\u00e1gi k\u00e1derek fiatal csapata eg\u00e9sz\u00edti ki, akik erej\u00fckh\u00f6z m\u00e9rten vezetik majd a JN sz\u00f6vets\u00e9gi munkacsoportjait \u00e9s irod\u00e1it, miut\u00e1n az arra \u00e9rdemes id\u0151sebb k\u00e1derek \u00fcnnep\u00e9lyesen nyugd\u00edjba vonultak a JN-b\u0151l.<\/p>\n<p>A sz\u00f6vets\u00e9gi eln\u00f6ks\u00e9g megv\u00e1laszt\u00e1sa teh\u00e1t a JN elm\u00falt \u00e9vekbeli sikeres dinamik\u00e1j\u00e1t is t\u00fckr\u00f6zi. Az egy\u00e9rtelm\u0171 nacionalista tartalmakra, a nacionalista eszt\u00e9tik\u00e1ra \u00e9s a n\u00e9pszer\u0171 k\u00f6z\u00f6ss\u00e9gi m\u00e9dia haszn\u00e1lat\u00e1ra val\u00f3 \u00f6sszpontos\u00edt\u00e1s nagym\u00e9rt\u00e9k\u0171 tags\u00e1g\u00e1raml\u00e1st eredm\u00e9nyezett, ami az \u00faj b\u00e1zis-, region\u00e1lis \u00e9s irodavezet\u0151k kiv\u00e1laszt\u00e1s\u00e1nak folyamat\u00e1t eredm\u00e9nyezte.<br \/>Sebastian Weigler a k\u00f6vetkez\u0151 kitekint\u00e9st adja: <\/p>\n<p>&#8220;A t\u00e1rsadalmi romok k\u00f6zepette egy er\u0151s k\u00f6z\u00f6ss\u00e9g \u00fagy \u00e1ll, mint egy ragyog\u00f3 er\u0151d. Mi egy ilyen k\u00f6z\u00f6ss\u00e9get hordozunk magunkban. Ebb\u0151l n\u0151 a bizalom, hogy b\u00e1tran n\u00e9zz\u00fcnk a j\u00f6v\u0151be, \u00e9s k\u00e9szen \u00e1lljunk az el\u0151tt\u00fcnk \u00e1ll\u00f3 feladatokra.&#8221;<\/p>\n<p>Mi vagyunk a:<br \/>\nL\u00e1zad\u00f3 fiatalok &#8211; N\u00e9metorsz\u00e1g j\u00f6v\u0151je!<\/p>\n<p>Gyertek hozz\u00e1nk!<\/p>\n<\/div><\/div><\/div><\/div><\/div>\n","protected":false},"excerpt":{"rendered":"","protected":false},"author":1,"featured_media":3011,"comment_status":"closed","ping_status":"closed","sticky":false,"template":"","format":"standard","meta":{"footnotes":""},"categories":[59,63,99],"tags":[],"class_list":["post-3012","post","type-post","status-publish","format-standard","has-post-thumbnail","hentry","category-brd-hu","category-jn-hu","category-magyar-forditassal"],"_links":{"self":[{"href":"https:\/\/die-heimat-thueringen.de\/hu\/wp-json\/wp\/v2\/posts\/3012","targetHints":{"allow":["GET"]}}],"collection":[{"href":"https:\/\/die-heimat-thueringen.de\/hu\/wp-json\/wp\/v2\/posts"}],"about":[{"href":"https:\/\/die-heimat-thueringen.de\/hu\/wp-json\/wp\/v2\/types\/post"}],"author":[{"embeddable":true,"href":"https:\/\/die-heimat-thueringen.de\/hu\/wp-json\/wp\/v2\/users\/1"}],"replies":[{"embeddable":true,"href":"https:\/\/die-heimat-thueringen.de\/hu\/wp-json\/wp\/v2\/comments?post=3012"}],"version-history":[{"count":4,"href":"https:\/\/die-heimat-thueringen.de\/hu\/wp-json\/wp\/v2\/posts\/3012\/revisions"}],"predecessor-version":[{"id":3016,"href":"https:\/\/die-heimat-thueringen.de\/hu\/wp-json\/wp\/v2\/posts\/3012\/revisions\/3016"}],"wp:featuredmedia":[{"embeddable":true,"href":"https:\/\/die-heimat-thueringen.de\/hu\/wp-json\/wp\/v2\/media\/3011"}],"wp:attachment":[{"href":"https:\/\/die-heimat-thueringen.de\/hu\/wp-json\/wp\/v2\/media?parent=3012"}],"wp:term":[{"taxonomy":"category","embeddable":true,"href":"https:\/\/die-heimat-thueringen.de\/hu\/wp-json\/wp\/v2\/categories?post=3012"},{"taxonomy":"post_tag","embeddable":true,"href":"https:\/\/die-heimat-thueringen.de\/hu\/wp-json\/wp\/v2\/tags?post=3012"}],"curies":[{"name":"wp","href":"https:\/\/api.w.org\/{rel}","templated":true}]}}