{"id":3028,"date":"2025-12-06T12:00:21","date_gmt":"2025-12-06T11:00:21","guid":{"rendered":"https:\/\/die-heimat-thueringen.de\/?p=3028"},"modified":"2025-12-07T19:05:38","modified_gmt":"2025-12-07T18:05:38","slug":"a-szuleteshez-bizalomra-van-szukseg-nem-adminisztraciora","status":"publish","type":"post","link":"https:\/\/die-heimat-thueringen.de\/hu\/2025\/12\/06\/a-szuleteshez-bizalomra-van-szukseg-nem-adminisztraciora\/","title":{"rendered":"A sz\u00fclet\u00e9shez bizalomra van sz\u00fcks\u00e9g, nem adminisztr\u00e1ci\u00f3ra"},"content":{"rendered":"<div class=\"fusion-fullwidth fullwidth-box fusion-builder-row-1 fusion-flex-container has-pattern-background has-mask-background nonhundred-percent-fullwidth non-hundred-percent-height-scrolling gradient-container-1\" style=\"--awb-border-radius-top-left:0px;--awb-border-radius-top-right:0px;--awb-border-radius-bottom-right:0px;--awb-border-radius-bottom-left:0px;--awb-flex-wrap:wrap;\" ><div class=\"fusion-builder-row fusion-row fusion-flex-align-items-flex-start fusion-flex-content-wrap\" style=\"max-width:1404px;margin-left: calc(-4% \/ 2 );margin-right: calc(-4% \/ 2 );\"><div class=\"fusion-layout-column fusion_builder_column fusion-builder-column-0 fusion_builder_column_1_1 1_1 fusion-flex-column\" style=\"--awb-bg-size:cover;--awb-width-large:100%;--awb-margin-top-large:0px;--awb-spacing-right-large:1.92%;--awb-margin-bottom-large:20px;--awb-spacing-left-large:1.92%;--awb-width-medium:100%;--awb-order-medium:0;--awb-spacing-right-medium:1.92%;--awb-spacing-left-medium:1.92%;--awb-width-small:100%;--awb-order-small:0;--awb-spacing-right-small:1.92%;--awb-spacing-left-small:1.92%;\"><div class=\"fusion-column-wrapper fusion-column-has-shadow fusion-flex-justify-content-flex-start fusion-content-layout-column\"><div class=\"fusion-text fusion-text-1\"><blockquote class=\"wp-block-quote is-layout-flow wp-block-quote-is-layout-flow\">\n<h4 class=\"wp-block-heading has-medium-font-size\">Mi\u00e9rt van sz\u00fcks\u00e9g\u00fcnk a sz\u00fcl\u00e9szn\u0151k felhatalmaz\u00e1s\u00e1ra &#8211; \u00e9s egy olyan kult\u00far\u00e1ra, amely befogadja a gyermekeket<\/h4>\n<\/blockquote>\n<p>Vannak reformok, amelyek pap\u00edron el\u0151rel\u00e9p\u00e9snek t\u0171nnek, de m\u00e9gis t\u00f6nkreteszik azt, amit v\u00e9deni akarnak. A sz\u00fcl\u00e9szn\u0151k \u00faj javadalmaz\u00e1si strukt\u00far\u00e1ja az egyik ilyen. Mik\u00f6zben a politikai bejelent\u00e9sek a \u201emin\u0151s\u00e9gr\u0151l\u201d, a \u00bbmoderniz\u00e1ci\u00f3r\u00f3l\u00ab \u00e9s a \u201em\u00e9lt\u00e1nyoss\u00e1gr\u00f3l\u201d besz\u00e9lnek, sok b\u00e1ba \u00e9pp az ellenkez\u0151j\u00e9t tapasztalja: <strong>t\u00f6bb b\u00fcrokr\u00e1ci\u00e1t, kevesebb kisz\u00e1m\u00edthat\u00f3s\u00e1got,<\/strong> cs\u00f6kken\u0151 ell\u00e1t\u00e1si biztons\u00e1got.<\/p>\n<p class=\"has-luminous-vivid-amber-background-color has-background\">K\u00fcl\u00f6n\u00f6sen a sz\u00fcl\u00e9szeti k\u00f6zpontok \u00e9s az otthonsz\u00fcl\u00e9st v\u00e9gz\u0151 sz\u00fcl\u00e9szn\u0151k vannak nyom\u00e1s alatt. T\u00f6bb n\u0151 p\u00e1rhuzamos ell\u00e1t\u00e1sa nem t\u00e9ved\u00e9s, hanem val\u00f3s\u00e1g. A sz\u00fcl\u00e9st nem lehet szinkroniz\u00e1lni, tervezni vagy ir\u00e1ny\u00edtani. Pedig a reform \u00e9ppen erre \u00f6sszpontos\u00edt. Ha a j\u00f6v\u0151ben gazdas\u00e1gilag fenn akarunk maradni, akkor kevesebb csal\u00e1dot kell ell\u00e1tni. Ez lehet, hogy tetszik a statisztik\u00e1knak &#8211; de \u00e1rt az ell\u00e1t\u00e1snak, az any\u00e1knak, a gyerekeknek \u00e9s a j\u00f6v\u0151nknek.<\/p>\n<p><strong>Mert a sz\u00fcl\u00e9s nem adminisztrat\u00edv aktus.<br \/>\nEz egy kapcsolat, bizalom, k\u00f6zels\u00e9g.<\/strong><\/p>\n<p>Az a politika, amely megnehez\u00edti a term\u00e9szetes sz\u00fcl\u00e9seket, \u00e9s csendben visszaszor\u00edtja a k\u00f3rh\u00e1zak alternat\u00edv\u00e1it, megfosztja a csal\u00e1dokat a v\u00e1laszt\u00e1s szabads\u00e1g\u00e1t\u00f3l. \u00c9s azok a csal\u00e1dok, akiket megfosztanak a v\u00e1laszt\u00e1s lehet\u0151s\u00e9g\u00e9t\u0151l, elvesz\u00edtik a bizalmat.<\/p>\n<p><em>Izrael megmutatta az utat: A pozit\u00edv identit\u00e1s b\u00e1tors\u00e1got teremt a sz\u00fcl\u00e9shez<\/em><\/p>\n<p class=\"has-medium-font-size\">M\u00e1s orsz\u00e1gok mutatj\u00e1k, hogy lehets\u00e9ges az er\u0151s sz\u00fcl\u00e9si kult\u00fara. A legfrissebb OECD-adatok szerint p\u00e9ld\u00e1ul Izraelben a legmagasabb a sz\u00fclet\u00e9si r\u00e1ta a fejlett vil\u00e1gban, k\u00f6r\u00fclbel\u00fcl 2,9 gyermek jut egy n\u0151re\u00b9. Nem az adminisztr\u00e1ci\u00f3, hanem a hozz\u00e1\u00e1ll\u00e1s miatt: a csal\u00e1dot ott el\u0151nynek tekintik, nem pedig kock\u00e1zatnak.<\/p>\n<p><a href=\"https:\/\/die-heimat-thueringen.de\/wp-content\/uploads\/2025\/12\/Birthrate_Israel-300x300.jpg\"><img decoding=\"async\" class=\"size-medium wp-image-3024 aligncenter\" src=\"https:\/\/die-heimat-thueringen.de\/wp-content\/uploads\/2025\/12\/Birthrate_Israel-300x300.jpg\" alt=\"\" width=\"300\" height=\"300\" srcset=\"https:\/\/die-heimat-thueringen.de\/wp-content\/uploads\/2025\/12\/Birthrate_Israel-66x66.jpg 66w, https:\/\/die-heimat-thueringen.de\/wp-content\/uploads\/2025\/12\/Birthrate_Israel-150x150.jpg 150w, https:\/\/die-heimat-thueringen.de\/wp-content\/uploads\/2025\/12\/Birthrate_Israel-200x200.jpg 200w, https:\/\/die-heimat-thueringen.de\/wp-content\/uploads\/2025\/12\/Birthrate_Israel-300x300.jpg 300w, https:\/\/die-heimat-thueringen.de\/wp-content\/uploads\/2025\/12\/Birthrate_Israel-400x400.jpg 400w, https:\/\/die-heimat-thueringen.de\/wp-content\/uploads\/2025\/12\/Birthrate_Israel-600x600.jpg 600w, https:\/\/die-heimat-thueringen.de\/wp-content\/uploads\/2025\/12\/Birthrate_Israel-768x768.jpg 768w, https:\/\/die-heimat-thueringen.de\/wp-content\/uploads\/2025\/12\/Birthrate_Israel-800x800.jpg 800w, https:\/\/die-heimat-thueringen.de\/wp-content\/uploads\/2025\/12\/Birthrate_Israel.jpg 1000w\" sizes=\"(max-width: 300px) 100vw, 300px\" \/><\/a><\/p>\n<p>N\u00e9metorsz\u00e1gnak is olyan kult\u00far\u00e1ra van sz\u00fcks\u00e9ge, amely \u00fajra befogadja gyermekeinket &#8211; \u00e9s nem nyomasztja form\u00e1kkal azokat, akik seg\u00edtik \u0151ket az \u00e9letbe.<br \/>\nA pozit\u00edv identit\u00e1s, a csal\u00e1di stabilit\u00e1s \u00e9s a sz\u00fclet\u00e9skor val\u00f3 val\u00f3di v\u00e1laszt\u00e1si szabads\u00e1g \u00f6sszetartozik. Ahol az emberek t\u00e1mogatva \u00e9rzik magukat, ott sz\u00fcletik a j\u00f6v\u0151.<\/p>\n<p>Ez nem a miniszt\u00e9riumban kezd\u0151dik. A sz\u00fcl\u0151szob\u00e1ban, a sz\u00fcl\u0151otthonban, a fiatal sz\u00fcl\u0151k otthon\u00e1ban kezd\u0151dik &#8211; ahol az \u00faj \u00e9letet nem ir\u00e1ny\u00edtj\u00e1k, hanem \u00fcdv\u00f6zlik.<\/p>\n<p><strong><em>Egy szem\u00e9lyes sz\u00f3:<\/em><\/strong><\/p>\n<div class=\"wp-block-image\">\n<figure class=\"alignright size-full is-resized\">\n<div id=\"attachment_2656\" style=\"width: 219px\" class=\"wp-caption aligncenter\"><img decoding=\"async\" aria-describedby=\"caption-attachment-2656\" class=\"wp-image-2656\" src=\"https:\/\/die-heimat.de\/wp-content\/uploads\/2025\/07\/Philipp_Neumann.jpg\" sizes=\"auto, (max-width:767px) 480px, 600px\" srcset=\"https:\/\/die-heimat.de\/wp-content\/uploads\/2025\/07\/Philipp_Neumann.jpg 600w, https:\/\/die-heimat.de\/wp-content\/uploads\/2025\/07\/Philipp_Neumann-200x300.jpg 200w, https:\/\/die-heimat.de\/wp-content\/uploads\/2025\/07\/Philipp_Neumann-50x75.jpg 50w, https:\/\/die-heimat.de\/wp-content\/uploads\/2025\/07\/Philipp_Neumann-555x833.jpg 555w, https:\/\/die-heimat.de\/wp-content\/uploads\/2025\/07\/Philipp_Neumann-480x720.jpg 480w\" alt=\"Philipp Neumann, Phil von Flak, \u00e9nekes, a HEIMAT eln\u00f6khelyettese, Rajna-vid\u00e9k-Pfalz tartom\u00e1ny\" width=\"209\" height=\"314\" \/><p id=\"caption-attachment-2656\" class=\"wp-caption-text\">Philipp Neumann &#8211; a HEIMAT eln\u00f6khelyettese<\/p><\/div><figcaption class=\"wp-element-caption\"><\/figcaption><\/figure>\n<\/div>\n<blockquote class=\"wp-block-quote is-style-default is-layout-flow wp-block-quote-is-layout-flow\">\n<p>H\u00e1rom gyermek apjak\u00e9nt, akiknek mindegyike sz\u00fcl\u00e9s egy sz\u00fcl\u0151h\u00e1zban kezd\u0151d\u00f6tt, \u00e9s akik k\u00f6z\u00fcl kett\u0151 ott sz\u00fcletett b\u00e9k\u00e9ben \u00e9s biztons\u00e1gban, tudom, mit jelentenek ezek a helyek. A sz\u00fcl\u0151k\u00f6zpontok bizalmat, m\u00e9lt\u00f3s\u00e1got \u00e9s b\u00e1tors\u00e1got adnak.<\/p>\n<p>V\u00e9delm\u00fck nem nosztalgikus gondolat.<br \/>\nEz befektet\u00e9s N\u00e9metorsz\u00e1g j\u00f6v\u0151j\u00e9be.<\/p>\n<p>Minden \u00e9let kezdet\u00e9n nem egy forma \u00e1ll &#8211;<br \/>\n&#8211; hanem egy szem\u00e9ly.<\/p>\n<p>\u00c9s egy olyan orsz\u00e1gnak, amely gyermeket akar, meg kell v\u00e9denie azokat, akik utat nyitnak nekik: a sz\u00fcl\u00e9szn\u0151ket, a sz\u00fcl\u0151h\u00e1zakat, a csal\u00e1dokat &#8211; \u00e9s az \u0151ket t\u00e1mogat\u00f3 kult\u00far\u00e1t.<\/p>\n<\/blockquote>\n<p>\u2e3b<\/p>\n<p>L\u00e1bjegyzet<\/p>\n<p>\u00b9 OECD-adatok, l\u00e1sd: The Times of Israel (Reuters\/TOI-Staff), 2024. j\u00fanius 21.<\/p>\n<\/div><\/div><\/div><\/div><\/div>\n","protected":false},"excerpt":{"rendered":"","protected":false},"author":1,"featured_media":3034,"comment_status":"closed","ping_status":"closed","sticky":false,"template":"","format":"standard","meta":{"footnotes":""},"categories":[100,61,59,94,95,99,90,60],"tags":[],"class_list":["post-3028","post","type-post","status-publish","format-standard","has-post-thumbnail","hentry","category-demografia-es-elvandorlas","category-europa-hu","category-brd-hu","category-hazassag-es-csalad","category-koezoessegi-es-szocialis-uegyek","category-magyar-forditassal","category-otthon-es-identitas","category-szoevetsegi-szoevetseg"],"_links":{"self":[{"href":"https:\/\/die-heimat-thueringen.de\/hu\/wp-json\/wp\/v2\/posts\/3028","targetHints":{"allow":["GET"]}}],"collection":[{"href":"https:\/\/die-heimat-thueringen.de\/hu\/wp-json\/wp\/v2\/posts"}],"about":[{"href":"https:\/\/die-heimat-thueringen.de\/hu\/wp-json\/wp\/v2\/types\/post"}],"author":[{"embeddable":true,"href":"https:\/\/die-heimat-thueringen.de\/hu\/wp-json\/wp\/v2\/users\/1"}],"replies":[{"embeddable":true,"href":"https:\/\/die-heimat-thueringen.de\/hu\/wp-json\/wp\/v2\/comments?post=3028"}],"version-history":[{"count":21,"href":"https:\/\/die-heimat-thueringen.de\/hu\/wp-json\/wp\/v2\/posts\/3028\/revisions"}],"predecessor-version":[{"id":3053,"href":"https:\/\/die-heimat-thueringen.de\/hu\/wp-json\/wp\/v2\/posts\/3028\/revisions\/3053"}],"wp:featuredmedia":[{"embeddable":true,"href":"https:\/\/die-heimat-thueringen.de\/hu\/wp-json\/wp\/v2\/media\/3034"}],"wp:attachment":[{"href":"https:\/\/die-heimat-thueringen.de\/hu\/wp-json\/wp\/v2\/media?parent=3028"}],"wp:term":[{"taxonomy":"category","embeddable":true,"href":"https:\/\/die-heimat-thueringen.de\/hu\/wp-json\/wp\/v2\/categories?post=3028"},{"taxonomy":"post_tag","embeddable":true,"href":"https:\/\/die-heimat-thueringen.de\/hu\/wp-json\/wp\/v2\/tags?post=3028"}],"curies":[{"name":"wp","href":"https:\/\/api.w.org\/{rel}","templated":true}]}}