{"id":3077,"date":"2025-12-12T12:40:54","date_gmt":"2025-12-12T11:40:54","guid":{"rendered":"https:\/\/die-heimat-thueringen.de\/2025\/12\/12\/az-usa-10-millio-dollaros-verdijat-ajanlott-fel\/"},"modified":"2025-12-12T12:51:48","modified_gmt":"2025-12-12T11:51:48","slug":"az-usa-10-millio-dollaros-verdijat-ajanlott-fel","status":"publish","type":"post","link":"https:\/\/die-heimat-thueringen.de\/hu\/2025\/12\/12\/az-usa-10-millio-dollaros-verdijat-ajanlott-fel\/","title":{"rendered":"Az USA 10 milli\u00f3 doll\u00e1ros v\u00e9rd\u00edjat aj\u00e1nlott fel"},"content":{"rendered":"<div class=\"fusion-fullwidth fullwidth-box fusion-builder-row-1 fusion-flex-container has-pattern-background has-mask-background nonhundred-percent-fullwidth non-hundred-percent-height-scrolling gradient-container-1\" style=\"--awb-border-radius-top-left:0px;--awb-border-radius-top-right:0px;--awb-border-radius-bottom-right:0px;--awb-border-radius-bottom-left:0px;--awb-flex-wrap:wrap;\" ><div class=\"fusion-builder-row fusion-row fusion-flex-align-items-flex-start fusion-flex-content-wrap\" style=\"max-width:1404px;margin-left: calc(-4% \/ 2 );margin-right: calc(-4% \/ 2 );\"><div class=\"fusion-layout-column fusion_builder_column fusion-builder-column-0 fusion_builder_column_1_1 1_1 fusion-flex-column\" style=\"--awb-bg-size:cover;--awb-width-large:100%;--awb-margin-top-large:0px;--awb-spacing-right-large:1.92%;--awb-margin-bottom-large:20px;--awb-spacing-left-large:1.92%;--awb-width-medium:100%;--awb-order-medium:0;--awb-spacing-right-medium:1.92%;--awb-spacing-left-medium:1.92%;--awb-width-small:100%;--awb-order-small:0;--awb-spacing-right-small:1.92%;--awb-spacing-left-small:1.92%;\"><div class=\"fusion-column-wrapper fusion-column-has-shadow fusion-flex-justify-content-flex-start fusion-content-layout-column\"><div class=\"fusion-text fusion-text-1\"><p><strong>Az USA 10 milli\u00f3 doll\u00e1ros v\u00e9rd\u00edjat aj\u00e1nl fel az eur\u00f3pai terrorista csoportok p\u00e9nz\u00fcgyi strukt\u00far\u00e1ir\u00f3l sz\u00f3l\u00f3 inform\u00e1ci\u00f3k\u00e9rt<\/strong><\/p>\n<p><strong>Budapest.<\/strong> Budapest. &#8211; Az Egyes\u00fclt \u00c1llamok budapesti nagyk\u00f6vets\u00e9ge hivatalos k\u00f6zlem\u00e9nyben jelentette be, hogy az amerikai k\u00fcl\u00fcgyminiszt\u00e9rium a \u201eRewards for Justice\u201d (RFJ) program keret\u00e9ben 10 milli\u00f3 doll\u00e1rig terjed\u0151 jutalmat aj\u00e1nl fel. A jutalom olyan inform\u00e1ci\u00f3kat keres, amelyek az Egyes\u00fclt \u00c1llamok korm\u00e1nya \u00e1ltal k\u00fclf\u00f6ldi terrorista szervezetnek (FTO) min\u0151s\u00edtett n\u00e9gy, Eur\u00f3p\u00e1ban tev\u00e9kenyked\u0151 csoport p\u00e9nz\u00fcgyi m\u0171veleteinek megszak\u00edt\u00e1s\u00e1hoz vezethetnek. <\/p>\n<p><strong>A kategoriz\u00e1l\u00e1sra Donald Trump eln\u00f6k korm\u00e1nyz\u00e1sa alatt ker\u00fclt sor. Konkr\u00e9tan a k\u00f6vetkez\u0151 szervezeteket \u00e9rinti: <\/strong><\/p>\n<p><strong>Antifa Ost<\/strong><br \/>\nA N\u00e9metorsz\u00e1gban sz\u00e9kel\u0151, \u201eKalap\u00e1csbanda\u201d n\u00e9ven is ismert sz\u00e9ls\u0151baloldali sz\u00e9ls\u0151s\u00e9ges csoport a gyan\u00fa szerint 2018 \u00e9s 2023 k\u00f6z\u00f6tt t\u00f6bb t\u00e1mad\u00e1st hajtott v\u00e9gre olyan szem\u00e9lyek ellen, akiket \u201ejobboldali k\u00f6r\u00f6k\u201d tagjainak tartott. A n\u00e9met hat\u00f3s\u00e1gok szerint a szervezet tagjai 2023 febru\u00e1rj\u00e1ban Magyarorsz\u00e1gon is t\u00f6bb embert megsebes\u00edtettek a minden \u00e9vben megrendezett \u201eBecs\u00fclet Napja\u201d elnevez\u00e9s\u0171 rendezv\u00e9nyen, amely Eur\u00f3pa-szerte vonzza a r\u00e9sztvev\u0151ket. <\/p>\n<p><strong>Inform\u00e1lis Anarchista Sz\u00f6vets\u00e9g \/ Nemzetk\u00f6zi Forradalmi Front (FAI\/FRI)<\/strong><br \/>\nEz a kommunista-szocialista terrorista sejt f\u0151k\u00e9nt Olaszorsz\u00e1gban m\u0171k\u00f6dik, \u00e9s \u00f6njel\u00f6lt fi\u00f3kjai vannak Eur\u00f3p\u00e1ban, D\u00e9l-Amerik\u00e1ban \u00e9s \u00c1zsi\u00e1ban. 2003 \u00f3ta v\u00e1llalja a felel\u0151ss\u00e9get fenyeget\u00e9sek\u00e9rt, robbant\u00e1sos mer\u00e9nyletek\u00e9rt \u00e9s robban\u00f3 levelek k\u00fcld\u00e9s\u00e9\u00e9rt politikai \u00e9s gazdas\u00e1gi int\u00e9zm\u00e9nyeknek, k\u00f6zt\u00fck b\u00edr\u00f3s\u00e1goknak \u00e9s m\u00e1s, \u00e1ltala \u201ekapitalist\u00e1nak\u201d min\u0151s\u00edtett int\u00e9zm\u00e9nyeknek. <\/p>\n<p><strong>Fegyveres prolet\u00e1r igazs\u00e1gszolg\u00e1ltat\u00e1s<\/strong><br \/>\nEz a g\u00f6r\u00f6g anarchista \u00e9s \u201eantikapitalista\u201d szervezet sz\u00e1mos t\u00e1mad\u00e1st hajtott v\u00e9gre r\u00f6gt\u00f6nz\u00f6tt robban\u00f3szerkezetekkel g\u00f6r\u00f6g korm\u00e1nyzati int\u00e9zm\u00e9nyek ellen. A szervezet v\u00e1llalta a felel\u0151ss\u00e9get egy 2023. december 18-\u00e1n Goud\u00e1ban, a rohamrend\u0151rs\u00e9g sz\u00e9kh\u00e1za k\u00f6zel\u00e9ben elhelyezett bomb\u00e1\u00e9rt. <\/p>\n<p><strong>Revolutionary Class Self-Defence<\/strong><br \/>\nA szint\u00e9n g\u00f6r\u00f6gorsz\u00e1gi eredet\u0171 csoport anarchista, antikapitalista \u00e9s \u00e1llamellenes \u00e1ll\u00e1spontokat k\u00e9pvisel, \u00e9s elk\u00f6telezett a Palesztin\u00e1val val\u00f3 szolidarit\u00e1s mellett. K\u00e9t, improviz\u00e1lt robban\u00f3szerkezettel v\u00e9grehajtott t\u00e1mad\u00e1s\u00e9rt v\u00e1llalta a felel\u0151ss\u00e9get: 2024. febru\u00e1r 3-\u00e1n a g\u00f6r\u00f6g munka\u00fcgyi miniszt\u00e9rium, 2025. \u00e1prilis 11-\u00e9n pedig a Hellenic Train irod\u00e1i ellen. <\/p>\n<p>Az Egyes\u00fclt \u00c1llamok K\u00fcl\u00fcgyminiszt\u00e9riuma 2025. november 20-\u00e1n az amerikai bev\u00e1ndorl\u00e1si \u00e9s \u00e1llampolg\u00e1rs\u00e1gi t\u00f6rv\u00e9ny 219. szakasz\u00e1nak m\u00f3dos\u00edtott v\u00e1ltozata alapj\u00e1n hivatalosan is k\u00fclf\u00f6ldi terrorista szervezetnek min\u0151s\u00edtette az eml\u00edtett n\u00e9gy csoportot.<\/p>\n<p><em>A jegyz\u00e9kbe v\u00e9telt messzemen\u0151 int\u00e9zked\u00e9sek k\u00eds\u00e9rik:<\/em><br \/>\nAz Egyes\u00fclt \u00c1llamok joghat\u00f3s\u00e1ga al\u00e1 tartoz\u00f3 szervezetek minden vagyon\u00e1t \u00e9s vagyoni \u00e9rdekelts\u00e9g\u00e9t befagyasztj\u00e1k. Az amerikai \u00e1llampolg\u00e1roknak tilos b\u00e1rmilyen \u00fczleti kapcsolatot l\u00e9tes\u00edteni\u00fck ezekkel a csoportokkal. Az is b\u0171ncselekm\u00e9nynek min\u0151s\u00fcl, ha valaki tudatosan anyagi t\u00e1mogat\u00e1st vagy er\u0151forr\u00e1sokat ny\u00fajt, erre k\u00eds\u00e9rletet tesz, vagy r\u00e9szt vesz az erre ir\u00e1nyul\u00f3 \u00f6sszeesk\u00fcv\u00e9sben.  <\/p>\n<p>Forr\u00e1s: B\u00edr\u00f3 \u00far:<br \/>\nhttps:\/\/index.hu\/belfold\/2025\/12\/12\/amerikai-nagykovetseg-budapest-antifa-szervezetek-tamogatas-kozlemeny-informaciok<\/p>\n<\/div><\/div><\/div><\/div><\/div>\n","protected":false},"excerpt":{"rendered":"","protected":false},"author":1,"featured_media":3076,"comment_status":"closed","ping_status":"closed","sticky":false,"template":"","format":"standard","meta":{"footnotes":""},"categories":[91,79,61,78,88,75,76,92],"tags":[],"class_list":["post-3077","post","type-post","status-publish","format-standard","has-post-thumbnail","hentry","category-antifa-hu-2","category-antifa-hu","category-europa-hu","category-hirek","category-magyarorszag","category-nemzeti-szoevetseg","category-sajtokoezlemeny","category-toerveny-es-rend"],"_links":{"self":[{"href":"https:\/\/die-heimat-thueringen.de\/hu\/wp-json\/wp\/v2\/posts\/3077","targetHints":{"allow":["GET"]}}],"collection":[{"href":"https:\/\/die-heimat-thueringen.de\/hu\/wp-json\/wp\/v2\/posts"}],"about":[{"href":"https:\/\/die-heimat-thueringen.de\/hu\/wp-json\/wp\/v2\/types\/post"}],"author":[{"embeddable":true,"href":"https:\/\/die-heimat-thueringen.de\/hu\/wp-json\/wp\/v2\/users\/1"}],"replies":[{"embeddable":true,"href":"https:\/\/die-heimat-thueringen.de\/hu\/wp-json\/wp\/v2\/comments?post=3077"}],"version-history":[{"count":4,"href":"https:\/\/die-heimat-thueringen.de\/hu\/wp-json\/wp\/v2\/posts\/3077\/revisions"}],"predecessor-version":[{"id":3082,"href":"https:\/\/die-heimat-thueringen.de\/hu\/wp-json\/wp\/v2\/posts\/3077\/revisions\/3082"}],"wp:featuredmedia":[{"embeddable":true,"href":"https:\/\/die-heimat-thueringen.de\/hu\/wp-json\/wp\/v2\/media\/3076"}],"wp:attachment":[{"href":"https:\/\/die-heimat-thueringen.de\/hu\/wp-json\/wp\/v2\/media?parent=3077"}],"wp:term":[{"taxonomy":"category","embeddable":true,"href":"https:\/\/die-heimat-thueringen.de\/hu\/wp-json\/wp\/v2\/categories?post=3077"},{"taxonomy":"post_tag","embeddable":true,"href":"https:\/\/die-heimat-thueringen.de\/hu\/wp-json\/wp\/v2\/tags?post=3077"}],"curies":[{"name":"wp","href":"https:\/\/api.w.org\/{rel}","templated":true}]}}