{"id":3338,"date":"2026-04-26T21:09:09","date_gmt":"2026-04-26T19:09:09","guid":{"rendered":"https:\/\/die-heimat-thueringen.de\/?p=3338"},"modified":"2026-04-26T21:58:08","modified_gmt":"2026-04-26T19:58:08","slug":"nemet-gyermekek-egy-dicsoseges-joevoert","status":"publish","type":"post","link":"https:\/\/die-heimat-thueringen.de\/hu\/2026\/04\/26\/nemet-gyermekek-egy-dicsoseges-joevoert\/","title":{"rendered":"N\u00e9met gyermekek egy dics\u0151s\u00e9ges j\u00f6v\u0151\u00e9rt"},"content":{"rendered":"<div class=\"fusion-fullwidth fullwidth-box fusion-builder-row-1 fusion-flex-container has-pattern-background has-mask-background nonhundred-percent-fullwidth non-hundred-percent-height-scrolling gradient-container-1\" style=\"--awb-border-radius-top-left:0px;--awb-border-radius-top-right:0px;--awb-border-radius-bottom-right:0px;--awb-border-radius-bottom-left:0px;--awb-flex-wrap:wrap;\" ><div class=\"fusion-builder-row fusion-row fusion-flex-align-items-flex-start fusion-flex-content-wrap\" style=\"max-width:1404px;margin-left: calc(-4% \/ 2 );margin-right: calc(-4% \/ 2 );\"><div class=\"fusion-layout-column fusion_builder_column fusion-builder-column-0 fusion_builder_column_1_1 1_1 fusion-flex-column\" style=\"--awb-bg-size:cover;--awb-width-large:100%;--awb-margin-top-large:0px;--awb-spacing-right-large:1.92%;--awb-margin-bottom-large:20px;--awb-spacing-left-large:1.92%;--awb-width-medium:100%;--awb-order-medium:0;--awb-spacing-right-medium:1.92%;--awb-spacing-left-medium:1.92%;--awb-width-small:100%;--awb-order-small:0;--awb-spacing-right-small:1.92%;--awb-spacing-left-small:1.92%;\"><div class=\"fusion-column-wrapper fusion-column-has-shadow fusion-flex-justify-content-flex-start fusion-content-layout-column\"><div class=\"fusion-text fusion-text-1\"><div dir=\"auto\">2024 \u00f3ta a sz\u00fclet\u00e9si ar\u00e1ny el\u00e9rte m\u00e9lypontj\u00e1t, 1,35 gyermek\/n\u0151 ar\u00e1nyt, ami a n\u00e9pellenes politik\u00e1nak tudhat\u00f3 be. Csal\u00e1dbar\u00e1t infrastrukt\u00fara egyszer\u0171en nem l\u00e9tezik, t\u00e1mogat\u00e1sok nem l\u00e1tszanak, \u00e9s egy\u00e1ltal\u00e1n nem is k\u00edv\u00e1natosak. M\u00edg t\u00f6bb h\u00e1bor\u00faban is meg akart\u00e1k sz\u00fcntetni N\u00e9metorsz\u00e1got a f\u00f6ld sz\u00edn\u00e9r\u0151l, \u00e9s ez v\u00e9g\u00fcl nem siker\u00fclt, addig m\u00e1ra biol\u00f3giai h\u00e1bor\u00fa folyik. A n\u00e9pellenes N\u00e9met Sz\u00f6vets\u00e9gi K\u00f6zt\u00e1rsas\u00e1g a gyermektelen aggleg\u00e9ny\u00e9letet propag\u00e1lja, szabadon a \u201eHa ma nem j\u00f6v\u00f6k, holnap sem j\u00f6v\u00f6k\u201d mott\u00f3 szerint, \u00e9s egyre abszurdabb abortusz t\u00f6rv\u00e9nyeivel m\u00e9g k\u00f6nnyebb\u00e9 akarja tenni az \u00faj \u00e9letek meggyilkol\u00e1s\u00e1t.   <\/div>\n<div dir=\"auto\"><\/div>\n<div dir=\"auto\"><strong>Ezeknek a viszonyoknak szembe kell \u00e9s kell is sz\u00e1llnunk!<\/strong><\/div>\n<div dir=\"auto\"><\/div>\n<div dir=\"auto\"><strong><br \/>Ez\u00e9rt a k\u00f6vetkez\u0151ket k\u00f6vetelj\u00fck a n\u00e9met csal\u00e1dok sz\u00e1m\u00e1ra:<\/strong><\/div>\n<div dir=\"auto\">&#8211; ingyenes b\u00f6lcs\u0151dei \u00e9s napk\u00f6zis helyek<\/div>\n<div dir=\"auto\">&#8211; ingyenes b\u00f6lcs\u0151dei \u00e9s iskolai \u00e9tkez\u00e9s<\/div>\n<div dir=\"auto\">&#8211; ad\u00f3kedvezm\u00e9nyek a m\u00e1sodik gyermekt\u0151l kezdve<\/div>\n<div dir=\"auto\">&#8211; \u00fcdv\u00f6zl\u0151p\u00e9nz (500-1000 eur\u00f3 gyermekenk\u00e9nt)<\/div>\n<div dir=\"auto\">&#8211; anyai j\u00f6vedelem<\/div>\n<\/div><\/div><\/div><\/div><\/div>\n","protected":false},"excerpt":{"rendered":"","protected":false},"author":1,"featured_media":3345,"comment_status":"closed","ping_status":"closed","sticky":false,"template":"","format":"standard","meta":{"footnotes":""},"categories":[100,94],"tags":[],"class_list":["post-3338","post","type-post","status-publish","format-standard","has-post-thumbnail","hentry","category-demografia-es-elvandorlas","category-hazassag-es-csalad"],"_links":{"self":[{"href":"https:\/\/die-heimat-thueringen.de\/hu\/wp-json\/wp\/v2\/posts\/3338","targetHints":{"allow":["GET"]}}],"collection":[{"href":"https:\/\/die-heimat-thueringen.de\/hu\/wp-json\/wp\/v2\/posts"}],"about":[{"href":"https:\/\/die-heimat-thueringen.de\/hu\/wp-json\/wp\/v2\/types\/post"}],"author":[{"embeddable":true,"href":"https:\/\/die-heimat-thueringen.de\/hu\/wp-json\/wp\/v2\/users\/1"}],"replies":[{"embeddable":true,"href":"https:\/\/die-heimat-thueringen.de\/hu\/wp-json\/wp\/v2\/comments?post=3338"}],"version-history":[{"count":7,"href":"https:\/\/die-heimat-thueringen.de\/hu\/wp-json\/wp\/v2\/posts\/3338\/revisions"}],"predecessor-version":[{"id":3348,"href":"https:\/\/die-heimat-thueringen.de\/hu\/wp-json\/wp\/v2\/posts\/3338\/revisions\/3348"}],"wp:featuredmedia":[{"embeddable":true,"href":"https:\/\/die-heimat-thueringen.de\/hu\/wp-json\/wp\/v2\/media\/3345"}],"wp:attachment":[{"href":"https:\/\/die-heimat-thueringen.de\/hu\/wp-json\/wp\/v2\/media?parent=3338"}],"wp:term":[{"taxonomy":"category","embeddable":true,"href":"https:\/\/die-heimat-thueringen.de\/hu\/wp-json\/wp\/v2\/categories?post=3338"},{"taxonomy":"post_tag","embeddable":true,"href":"https:\/\/die-heimat-thueringen.de\/hu\/wp-json\/wp\/v2\/tags?post=3338"}],"curies":[{"name":"wp","href":"https:\/\/api.w.org\/{rel}","templated":true}]}}