{"id":3353,"date":"2026-04-26T22:26:47","date_gmt":"2026-04-26T20:26:47","guid":{"rendered":"https:\/\/die-heimat-thueringen.de\/2026\/04\/26\/biztositsuk-a-joevot-orizzuek-meg-hazankat\/"},"modified":"2026-04-26T22:34:03","modified_gmt":"2026-04-26T20:34:03","slug":"biztositsuk-a-joevot-orizzuek-meg-hazankat","status":"publish","type":"post","link":"https:\/\/die-heimat-thueringen.de\/hu\/2026\/04\/26\/biztositsuk-a-joevot-orizzuek-meg-hazankat\/","title":{"rendered":"Biztos\u00edtsuk a j\u00f6v\u0151t \u2013 \u0151rizz\u00fck meg haz\u00e1nkat!"},"content":{"rendered":"<div class=\"fusion-fullwidth fullwidth-box fusion-builder-row-1 fusion-flex-container has-pattern-background has-mask-background nonhundred-percent-fullwidth non-hundred-percent-height-scrolling gradient-container-1\" style=\"--awb-border-radius-top-left:0px;--awb-border-radius-top-right:0px;--awb-border-radius-bottom-right:0px;--awb-border-radius-bottom-left:0px;--awb-flex-wrap:wrap;\" ><div class=\"fusion-builder-row fusion-row fusion-flex-align-items-flex-start fusion-flex-content-wrap\" style=\"max-width:1404px;margin-left: calc(-4% \/ 2 );margin-right: calc(-4% \/ 2 );\"><div class=\"fusion-layout-column fusion_builder_column fusion-builder-column-0 fusion_builder_column_1_1 1_1 fusion-flex-column\" style=\"--awb-bg-size:cover;--awb-width-large:100%;--awb-margin-top-large:0px;--awb-spacing-right-large:1.92%;--awb-margin-bottom-large:20px;--awb-spacing-left-large:1.92%;--awb-width-medium:100%;--awb-order-medium:0;--awb-spacing-right-medium:1.92%;--awb-spacing-left-medium:1.92%;--awb-width-small:100%;--awb-order-small:0;--awb-spacing-right-small:1.92%;--awb-spacing-left-small:1.92%;\"><div class=\"fusion-column-wrapper fusion-column-has-shadow fusion-flex-justify-content-flex-start fusion-content-layout-column\"><div class=\"fusion-text fusion-text-1\"><p><strong>Orsz\u00e1gos felh\u00edv\u00e1s | 2026. m\u00e1jus 1.<\/strong><br \/>\n<strong>Gyertek az utc\u00e1ra: m\u00e1jus 1-je Essenben!<\/strong><\/p>\n<p>Honfit\u00e1rsaim, harcost\u00e1rsaim, n\u00e9met ifj\u00fas\u00e1g \u2013 itt az ideje, hogy ki\u00e1lljunk az \u00fcgy\u00fcnk mellett.<\/p>\n<p><strong>Friss\u00edt\u00e9s:<\/strong><\/p>\n<p>\ud83d\udea9 Utols\u00f3 hajr\u00e1 a m\u00e1jus 1-jei esseni rendezv\u00e9nyre!<\/p>\n<p>Honfit\u00e1rsaim, harcost\u00e1rsaim, n\u00e9met ifj\u00fas\u00e1g!<\/p>\n<p>K\u00f6zeledik a nagy nap: m\u00e1jus 1-j\u00e9n a Ruhr-vid\u00e9k sz\u00edv\u00e9ben gy\u00fclekez\u00fcnk, hogy egy\u00e9rtelm\u0171 jelz\u00e9st adjunk a haz\u00e1nk rombol\u00e1sa ellen \u00e9s egy \u00f6nrendelkez\u0151 j\u00f6v\u0151 mellett. Itt vannak a tervez\u00e9shez sz\u00fcks\u00e9ges legfontosabb inform\u00e1ci\u00f3k: <\/p>\n<p>\ud83d\udccd Szervez\u00e9si inform\u00e1ci\u00f3k (\u00e1ttekint\u00e9s)<\/p>\n<p><strong>Mikor: 2026. m\u00e1jus 1., kezd\u00e9s 13:00 \u00f3rakor<\/strong><br \/>\nHol: Hirschlandplatz, Essen<br \/>\n(A gy\u0171l\u00e9s kiindul\u00f3pontja, amelyet t\u00fcntet\u00e9s k\u00f6vet)<br \/>\nProgram: Kiv\u00e1l\u00f3 el\u0151ad\u00e1sok, politikai inform\u00e1ci\u00f3s \u00e9s anyagstandok, valamint \u00e9l\u0151 zene a \u201eHIER UND JETZT\u201d \u00e9s Phil von FLAK el\u0151ad\u00e1s\u00e1ban.<\/p>\n<p>M\u00e1jus 1-j\u00e9n a Ruhr-vid\u00e9k sz\u00edv\u00e9ben emelj\u00fck fel hangunkat egy \u00f6nrendelkez\u0151 j\u00f6v\u0151\u00e9rt, a szoci\u00e1lis biztons\u00e1g\u00e9rt, a biztos munkahelyek\u00e9rt \u00e9s a milli\u00f3k visszav\u00e1ndorl\u00e1s\u00e1\u00e9rt. M\u00edg a hatalmon l\u00e9v\u0151k minden eszk\u00f6zzel megpr\u00f3b\u00e1lnak minket \u00e9s a l\u00e1zad\u00f3 fiatalokat elhallgattatni, mi megmutatjuk: nem hagyjuk magunkat elt\u00e9r\u00edteni! <\/p>\n<p>F\u00e9lnek az elsz\u00e1nts\u00e1gunkt\u00f3l. F\u00e9lnek az ig\u00e9ny\u00fcnkt\u0151l egy \u00e9lhet\u0151 haz\u00e1ra, val\u00f3di perspekt\u00edv\u00e1ra \u00e9s kultur\u00e1lis \u00f6r\u00f6ks\u00e9g\u00fcnk meg\u0151rz\u00e9s\u00e9re. De hatalmi eszk\u00f6zeik ellen\u00e9re tov\u00e1bbmegy\u00fcnk \u2013 hajthatatlanul, elsz\u00e1ntan \u00e9s egy\u00fctt.<br \/>\nEssenben, a cselekv\u00e9s v\u00e1ros\u00e1ban, \u00f6sszefogunk:  <\/p>\n<p>\u2794 Egy olyan j\u00f6v\u0151\u00e9rt, amelyet mi magunk alak\u00edtunk<br \/>\n\u2794 A fiataljaink gy\u00f6kereinek elveszt\u00e9se ellen<br \/>\n\u2794 Hagyom\u00e1nyaink \u00e9s \u00e9rt\u00e9keink meg\u0151rz\u00e9se mellett<\/p>\n<p>A hatalom birtokosai megpr\u00f3b\u00e1lhatnak megosztani, megf\u00e9leml\u00edteni vagy b\u0171n\u00f6z\u0151kk\u00e9 nyilv\u00e1n\u00edtani minket \u2013 de szolidarit\u00e1sunk er\u0151sebb, mint az \u0151 elnyom\u00e1suk! Minden szinten ellen\u00e1llunk: a kult\u00far\u00e1ban, a politik\u00e1ban \u00e9s az utc\u00e1n.<br \/>\nN\u00e9met fiatalok, csatlakozzatok hozz\u00e1nk! <\/p>\n<p>Gyertek m\u00e1jus 1-j\u00e9n Essenbe! Mutassuk meg, hogy N\u00e9metorsz\u00e1g fiataljai nem hagyj\u00e1k tov\u00e1bb, hogy lekezelj\u00e9k \u0151ket, \u00e9s harcolnak jogaik\u00e9rt. Egy\u00fctt biztos\u00edtjuk a j\u00f6v\u0151nket \u00e9s meg\u0151rizz\u00fck haz\u00e1nkat. Nincs visszavonul\u00e1s \u2013 el\u0151re a j\u00f6v\u0151nk\u00e9rt!   <\/p>\n<p>M\u00c1JUS 1. | ESSEN | EGY\u00dcTT ER\u0150SEK<\/p>\n<p>\u201eAki a fiatalokat birtokolja, az\u00e9 a j\u00f6v\u0151. Aki szereti a haz\u00e1j\u00e1t, az nem adja fel.\u201d<\/p>\n<\/div><\/div><\/div><\/div><\/div>\n","protected":false},"excerpt":{"rendered":"","protected":false},"author":1,"featured_media":3352,"comment_status":"closed","ping_status":"closed","sticky":false,"template":"","format":"standard","meta":{"footnotes":""},"categories":[99,60],"tags":[],"class_list":["post-3353","post","type-post","status-publish","format-standard","has-post-thumbnail","hentry","category-magyar-forditassal","category-szoevetsegi-szoevetseg"],"_links":{"self":[{"href":"https:\/\/die-heimat-thueringen.de\/hu\/wp-json\/wp\/v2\/posts\/3353","targetHints":{"allow":["GET"]}}],"collection":[{"href":"https:\/\/die-heimat-thueringen.de\/hu\/wp-json\/wp\/v2\/posts"}],"about":[{"href":"https:\/\/die-heimat-thueringen.de\/hu\/wp-json\/wp\/v2\/types\/post"}],"author":[{"embeddable":true,"href":"https:\/\/die-heimat-thueringen.de\/hu\/wp-json\/wp\/v2\/users\/1"}],"replies":[{"embeddable":true,"href":"https:\/\/die-heimat-thueringen.de\/hu\/wp-json\/wp\/v2\/comments?post=3353"}],"version-history":[{"count":4,"href":"https:\/\/die-heimat-thueringen.de\/hu\/wp-json\/wp\/v2\/posts\/3353\/revisions"}],"predecessor-version":[{"id":3359,"href":"https:\/\/die-heimat-thueringen.de\/hu\/wp-json\/wp\/v2\/posts\/3353\/revisions\/3359"}],"wp:featuredmedia":[{"embeddable":true,"href":"https:\/\/die-heimat-thueringen.de\/hu\/wp-json\/wp\/v2\/media\/3352"}],"wp:attachment":[{"href":"https:\/\/die-heimat-thueringen.de\/hu\/wp-json\/wp\/v2\/media?parent=3353"}],"wp:term":[{"taxonomy":"category","embeddable":true,"href":"https:\/\/die-heimat-thueringen.de\/hu\/wp-json\/wp\/v2\/categories?post=3353"},{"taxonomy":"post_tag","embeddable":true,"href":"https:\/\/die-heimat-thueringen.de\/hu\/wp-json\/wp\/v2\/tags?post=3353"}],"curies":[{"name":"wp","href":"https:\/\/api.w.org\/{rel}","templated":true}]}}