{"id":3372,"date":"2026-04-30T18:38:15","date_gmt":"2026-04-30T16:38:15","guid":{"rendered":"https:\/\/die-heimat-thueringen.de\/2026\/04\/30\/politikai-akcio-a-soemmerdai-piacteren\/"},"modified":"2026-04-30T18:41:28","modified_gmt":"2026-04-30T16:41:28","slug":"politikai-akcio-a-soemmerdai-piacteren","status":"publish","type":"post","link":"https:\/\/die-heimat-thueringen.de\/hu\/2026\/04\/30\/politikai-akcio-a-soemmerdai-piacteren\/","title":{"rendered":"Politikai akci\u00f3 a s\u00f6mmerdai piact\u00e9ren"},"content":{"rendered":"<div class=\"fusion-fullwidth fullwidth-box fusion-builder-row-1 fusion-flex-container has-pattern-background has-mask-background nonhundred-percent-fullwidth non-hundred-percent-height-scrolling gradient-container-1\" style=\"--awb-border-radius-top-left:0px;--awb-border-radius-top-right:0px;--awb-border-radius-bottom-right:0px;--awb-border-radius-bottom-left:0px;--awb-flex-wrap:wrap;\" ><div class=\"fusion-builder-row fusion-row fusion-flex-align-items-flex-start fusion-flex-content-wrap\" style=\"max-width:1404px;margin-left: calc(-4% \/ 2 );margin-right: calc(-4% \/ 2 );\"><div class=\"fusion-layout-column fusion_builder_column fusion-builder-column-0 fusion_builder_column_1_1 1_1 fusion-flex-column\" style=\"--awb-bg-size:cover;--awb-width-large:100%;--awb-margin-top-large:0px;--awb-spacing-right-large:1.92%;--awb-margin-bottom-large:20px;--awb-spacing-left-large:1.92%;--awb-width-medium:100%;--awb-order-medium:0;--awb-spacing-right-medium:1.92%;--awb-spacing-left-medium:1.92%;--awb-width-small:100%;--awb-order-small:0;--awb-spacing-right-small:1.92%;--awb-spacing-left-small:1.92%;\"><div class=\"fusion-column-wrapper fusion-column-has-shadow fusion-flex-justify-content-flex-start fusion-content-layout-column\"><div class=\"fusion-text fusion-text-1\"><p data-start=\"52\" data-end=\"386\">S\u00f6mmerda. Miut\u00e1n t\u00f6bb \u00f3r\u00e1t t\u00f6lt\u00f6ttek a s\u00f6mmerdai piact\u00e9ren, egy politikai kezdem\u00e9nyez\u00e9s r\u00e9sztvev\u0151i pozit\u00edvan \u00e9rt\u00e9kelik a mai akci\u00f3jukat. D\u00e9lel\u0151tt 13 \u00f3r\u00e1ig kihaszn\u00e1lt\u00e1k az alkalmat, hogy sz\u00e1mos polg\u00e1rral besz\u00e9lget\u00e9sbe elegyedjenek, \u00e9s felh\u00edvj\u00e1k a figyelmet politikai k\u00f6vetel\u00e9seikre \u00e9s c\u00e9ljaikra.  <\/p>\n<p data-start=\"388\" data-end=\"601\">Saj\u00e1t elmond\u00e1suk szerint els\u0151sorban a k\u00f6zvetlen eszmecsere \u00e9s a szem\u00e9lyes megsz\u00f3l\u00edt\u00e1s \u00e1llt a k\u00f6z\u00e9ppontban. Sok j\u00e1r\u00f3kel\u0151 \u00e9rdekl\u0151d\u00e9st mutatott, k\u00e9rd\u00e9seket tett fel \u00e9s vitatta meg az aktu\u00e1lis politikai t\u00e9m\u00e1kat. <\/p>\n<p data-start=\"603\" data-end=\"795\">A kezdem\u00e9nyez\u00e9s egyik k\u00f6zponti c\u00e9lja az volt, hogy felh\u00edvja a figyelmet a holnapi, m\u00e1jus 1-jei esseni rendezv\u00e9nyre. Ennek sor\u00e1n a r\u00e9sztvev\u0151k elmagyar\u00e1zt\u00e1k motiv\u00e1ci\u00f3jukat \u00e9s a r\u00e9szv\u00e9telre buzd\u00edtottak. <\/p>\n<p data-start=\"797\" data-end=\"888\" data-is-last-node=\"\" data-is-only-node=\"\">\u00dczenet\u00fck k\u00f6z\u00e9ppontj\u00e1ban az \u201eigazs\u00e1goss\u00e1g minden n\u00e9met sz\u00e1m\u00e1ra\u201d k\u00f6vetel\u00e9se \u00e1llt.<\/p>\n<\/div><div class=\"awb-gallery-wrapper awb-gallery-wrapper-1 button-span-no\" style=\"--more-btn-alignment:center;\"><div style=\"margin:-5px;--awb-bordersize:0px;\" class=\"fusion-gallery fusion-gallery-container fusion-grid-3 fusion-columns-total-3 fusion-gallery-layout-grid fusion-gallery-1\"><div style=\"padding:5px;\" class=\"fusion-grid-column fusion-gallery-column fusion-gallery-column-3 hover-type-none\"><div class=\"fusion-gallery-image\"><a href=\"https:\/\/die-heimat-thueringen.de\/wp-content\/uploads\/2026\/04\/1000017901.jpg\" rel=\"noreferrer\" data-rel=\"iLightbox[gallery_image_1]\" class=\"fusion-lightbox\" target=\"_self\"><img decoding=\"async\" src=\"https:\/\/die-heimat-thueringen.de\/wp-content\/uploads\/2026\/04\/1000017901.jpg\" width=\"2000\" height=\"1277\" alt=\"\" title=\"1000017901\" aria-label=\"1000017901\" class=\"img-responsive wp-image-3368\" srcset=\"https:\/\/die-heimat-thueringen.de\/wp-content\/uploads\/2026\/04\/1000017901-200x128.jpg 200w, https:\/\/die-heimat-thueringen.de\/wp-content\/uploads\/2026\/04\/1000017901-400x255.jpg 400w, https:\/\/die-heimat-thueringen.de\/wp-content\/uploads\/2026\/04\/1000017901-600x383.jpg 600w, https:\/\/die-heimat-thueringen.de\/wp-content\/uploads\/2026\/04\/1000017901-800x511.jpg 800w, https:\/\/die-heimat-thueringen.de\/wp-content\/uploads\/2026\/04\/1000017901-1200x766.jpg 1200w, https:\/\/die-heimat-thueringen.de\/wp-content\/uploads\/2026\/04\/1000017901.jpg 2000w\" sizes=\"(min-width: 2200px) 100vw, (min-width: 784px) 447px, (min-width: 712px) 670px, (min-width: 640px) 712px, \" \/><\/a><\/div><\/div><div style=\"padding:5px;\" class=\"fusion-grid-column fusion-gallery-column fusion-gallery-column-3 hover-type-none\"><div class=\"fusion-gallery-image\"><a href=\"https:\/\/die-heimat-thueringen.de\/wp-content\/uploads\/2026\/04\/1000017902.jpg\" rel=\"noreferrer\" data-rel=\"iLightbox[gallery_image_1]\" class=\"fusion-lightbox\" target=\"_self\"><img decoding=\"async\" src=\"https:\/\/die-heimat-thueringen.de\/wp-content\/uploads\/2026\/04\/1000017902.jpg\" width=\"1500\" height=\"1840\" alt=\"\" title=\"1000017902\" aria-label=\"1000017902\" class=\"img-responsive wp-image-3369\" srcset=\"https:\/\/die-heimat-thueringen.de\/wp-content\/uploads\/2026\/04\/1000017902-200x245.jpg 200w, https:\/\/die-heimat-thueringen.de\/wp-content\/uploads\/2026\/04\/1000017902-400x491.jpg 400w, https:\/\/die-heimat-thueringen.de\/wp-content\/uploads\/2026\/04\/1000017902-600x736.jpg 600w, https:\/\/die-heimat-thueringen.de\/wp-content\/uploads\/2026\/04\/1000017902-800x981.jpg 800w, https:\/\/die-heimat-thueringen.de\/wp-content\/uploads\/2026\/04\/1000017902-1200x1472.jpg 1200w, https:\/\/die-heimat-thueringen.de\/wp-content\/uploads\/2026\/04\/1000017902.jpg 1500w\" sizes=\"(min-width: 2200px) 100vw, (min-width: 784px) 447px, (min-width: 712px) 670px, (min-width: 640px) 712px, \" \/><\/a><\/div><\/div><div style=\"padding:5px;\" class=\"fusion-grid-column fusion-gallery-column fusion-gallery-column-3 hover-type-none\"><div class=\"fusion-gallery-image\"><a href=\"https:\/\/die-heimat-thueringen.de\/wp-content\/uploads\/2026\/04\/1000017903.jpg\" rel=\"noreferrer\" data-rel=\"iLightbox[gallery_image_1]\" class=\"fusion-lightbox\" target=\"_self\"><img decoding=\"async\" src=\"https:\/\/die-heimat-thueringen.de\/wp-content\/uploads\/2026\/04\/1000017903.jpg\" width=\"1828\" height=\"1500\" alt=\"\" title=\"1000017903\" aria-label=\"1000017903\" class=\"img-responsive wp-image-3370\" srcset=\"https:\/\/die-heimat-thueringen.de\/wp-content\/uploads\/2026\/04\/1000017903-200x164.jpg 200w, https:\/\/die-heimat-thueringen.de\/wp-content\/uploads\/2026\/04\/1000017903-400x328.jpg 400w, https:\/\/die-heimat-thueringen.de\/wp-content\/uploads\/2026\/04\/1000017903-600x492.jpg 600w, https:\/\/die-heimat-thueringen.de\/wp-content\/uploads\/2026\/04\/1000017903-800x656.jpg 800w, https:\/\/die-heimat-thueringen.de\/wp-content\/uploads\/2026\/04\/1000017903-1200x985.jpg 1200w, https:\/\/die-heimat-thueringen.de\/wp-content\/uploads\/2026\/04\/1000017903.jpg 1828w\" sizes=\"(min-width: 2200px) 100vw, (min-width: 784px) 447px, (min-width: 712px) 670px, (min-width: 640px) 712px, \" \/><\/a><\/div><\/div><div class=\"clearfix\"><\/div><\/div><\/div><\/div><\/div><\/div><\/div>\n","protected":false},"excerpt":{"rendered":"","protected":false},"author":1,"featured_media":3371,"comment_status":"closed","ping_status":"closed","sticky":false,"template":"","format":"standard","meta":{"footnotes":""},"categories":[66,65,99,87],"tags":[],"class_list":["post-3372","post","type-post","status-publish","format-standard","has-post-thumbnail","hentry","category-erfurt-soemmerda-ilmkreis-hu","category-kerueleti-szoevetseg","category-magyar-forditassal","category-tueringia"],"_links":{"self":[{"href":"https:\/\/die-heimat-thueringen.de\/hu\/wp-json\/wp\/v2\/posts\/3372","targetHints":{"allow":["GET"]}}],"collection":[{"href":"https:\/\/die-heimat-thueringen.de\/hu\/wp-json\/wp\/v2\/posts"}],"about":[{"href":"https:\/\/die-heimat-thueringen.de\/hu\/wp-json\/wp\/v2\/types\/post"}],"author":[{"embeddable":true,"href":"https:\/\/die-heimat-thueringen.de\/hu\/wp-json\/wp\/v2\/users\/1"}],"replies":[{"embeddable":true,"href":"https:\/\/die-heimat-thueringen.de\/hu\/wp-json\/wp\/v2\/comments?post=3372"}],"version-history":[{"count":6,"href":"https:\/\/die-heimat-thueringen.de\/hu\/wp-json\/wp\/v2\/posts\/3372\/revisions"}],"predecessor-version":[{"id":3378,"href":"https:\/\/die-heimat-thueringen.de\/hu\/wp-json\/wp\/v2\/posts\/3372\/revisions\/3378"}],"wp:featuredmedia":[{"embeddable":true,"href":"https:\/\/die-heimat-thueringen.de\/hu\/wp-json\/wp\/v2\/media\/3371"}],"wp:attachment":[{"href":"https:\/\/die-heimat-thueringen.de\/hu\/wp-json\/wp\/v2\/media?parent=3372"}],"wp:term":[{"taxonomy":"category","embeddable":true,"href":"https:\/\/die-heimat-thueringen.de\/hu\/wp-json\/wp\/v2\/categories?post=3372"},{"taxonomy":"post_tag","embeddable":true,"href":"https:\/\/die-heimat-thueringen.de\/hu\/wp-json\/wp\/v2\/tags?post=3372"}],"curies":[{"name":"wp","href":"https:\/\/api.w.org\/{rel}","templated":true}]}}